{"id":1391,"date":"2020-03-25T18:58:16","date_gmt":"2020-03-25T21:58:16","guid":{"rendered":"https:\/\/plkc.com.br\/?p=1391"},"modified":"2020-10-28T18:59:20","modified_gmt":"2020-10-28T21:59:20","slug":"banco-central-prorroga-o-prazo-da-declaracao-de-capitais-brasileiros-no-exterior-dcbe","status":"publish","type":"post","link":"https:\/\/plkc.com.br\/en\/banco-central-prorroga-o-prazo-da-declaracao-de-capitais-brasileiros-no-exterior-dcbe\/","title":{"rendered":"Banco Central Prorroga o Prazo da Declara\u00e7\u00e3o de Capitais Brasileiros no Exterior (DCBE)"},"content":{"rendered":"<p>Devido \u00e0 pandemia do coronav\u00edrus, o Banco Central adiou o prazo de entrega da Declara\u00e7\u00e3o de Capitais Brasileiros no Exterior (DCBE) referente \u00e0 data-base de 31 de dezembro de 2019 para \u00e0s 18h do dia&nbsp;<strong><u>01 de junho de 2020<\/u><\/strong>&nbsp;(Circular n\u00ba 3.995 de 24 de mar\u00e7o de 2020).<\/p>\n\n\n\n<p>Em rela\u00e7\u00e3o \u00e0 declara\u00e7\u00e3o trimestral referente \u00e0 data-base de 31 de mar\u00e7o de 2020, obriga\u00e7\u00e3o dos detentores de ativos com valores somados correspondam ao montante igual ou superior a US$ 100.000.000,00 (cem milh\u00f5es de d\u00f3lares dos Estados Unidos da Am\u00e9rica), ou seu equivalente em outras moedas, o prazo inicia-se no dia&nbsp;<strong><u>15 de junho de 2020<\/u><\/strong>&nbsp;e encerra-se no dia&nbsp;<strong><u>15 de julho de 2020 \u00e0s 18h00<\/u><\/strong>.<\/p>\n\n\n\n<p>A presente not\u00edcia cont\u00e9m coment\u00e1rios gerais sobre assuntos jur\u00eddicos de interesse dos leitores, n\u00e3o caracterizando, em nenhum momento, qualquer opini\u00e3o legal ou orienta\u00e7\u00e3o de nosso escrit\u00f3rio. Para os casos espec\u00edficos, os leitores dever\u00e3o obter a assessoria jur\u00eddica adequada antes da ado\u00e7\u00e3o de qualquer provid\u00eancia concreta relativamente aos assuntos abordados.<\/p>\n\n\n\n<p>Dessa forma, se houver interesse, poderemos assistir V.Sa. no preparo de sua Declara\u00e7\u00e3o de Capitais Brasileiros no Exterior.<\/p>","protected":false},"excerpt":{"rendered":"<p>Devido \u00e0 pandemia do coronav\u00edrus, o Banco Central adiou o prazo de entrega da Declara\u00e7\u00e3o de Capitais Brasileiros no Exterior (DCBE) referente \u00e0 data-base de 31 de dezembro de 2019 para \u00e0s 18h do dia&nbsp;01 de junho de 2020&nbsp;(Circular n\u00ba 3.995 de 24 de mar\u00e7o de 2020). Em rela\u00e7\u00e3o \u00e0 declara\u00e7\u00e3o trimestral referente \u00e0 data-base [&hellip;]<\/p>","protected":false},"author":2,"featured_media":0,"comment_status":"open","ping_status":"open","sticky":false,"template":"","format":"standard","meta":{"footnotes":"","_links_to":"","_links_to_target":""},"categories":[5],"tags":[],"class_list":["post-1391","post","type-post","status-publish","format-standard","hentry","category-boletim-tributario"],"_links":{"self":[{"href":"https:\/\/plkc.com.br\/en\/wp-json\/wp\/v2\/posts\/1391","targetHints":{"allow":["GET"]}}],"collection":[{"href":"https:\/\/plkc.com.br\/en\/wp-json\/wp\/v2\/posts"}],"about":[{"href":"https:\/\/plkc.com.br\/en\/wp-json\/wp\/v2\/types\/post"}],"author":[{"embeddable":true,"href":"https:\/\/plkc.com.br\/en\/wp-json\/wp\/v2\/users\/2"}],"replies":[{"embeddable":true,"href":"https:\/\/plkc.com.br\/en\/wp-json\/wp\/v2\/comments?post=1391"}],"version-history":[{"count":0,"href":"https:\/\/plkc.com.br\/en\/wp-json\/wp\/v2\/posts\/1391\/revisions"}],"wp:attachment":[{"href":"https:\/\/plkc.com.br\/en\/wp-json\/wp\/v2\/media?parent=1391"}],"wp:term":[{"taxonomy":"category","embeddable":true,"href":"https:\/\/plkc.com.br\/en\/wp-json\/wp\/v2\/categories?post=1391"},{"taxonomy":"post_tag","embeddable":true,"href":"https:\/\/plkc.com.br\/en\/wp-json\/wp\/v2\/tags?post=1391"}],"curies":[{"name":"wp","href":"https:\/\/api.w.org\/{rel}","templated":true}]}}