{"id":1395,"date":"2020-04-02T19:02:45","date_gmt":"2020-04-02T22:02:45","guid":{"rendered":"https:\/\/plkc.com.br\/?p=1395"},"modified":"2020-10-28T19:04:06","modified_gmt":"2020-10-28T22:04:06","slug":"regulamentacao-postergacao-e-parcelamento-do-fgts-mp-927-220-circular-cef-897-de-31-03-2020","status":"publish","type":"post","link":"https:\/\/plkc.com.br\/en\/regulamentacao-postergacao-e-parcelamento-do-fgts-mp-927-220-circular-cef-897-de-31-03-2020\/","title":{"rendered":"Regulamenta\u00e7\u00e3o \u2013 Posterga\u00e7\u00e3o e Parcelamento do FGTS \u2013 MP 927\/220 \u2013 Circular CEF 897, de 31\/03\/2020"},"content":{"rendered":"<p>Como \u00e9 de conhecimento geral, o Governo Federal publicou a Medida Provis\u00f3ria 927\/2020, por meio da qual concedeu a suspens\u00e3o do pagamento do Fundo de Garantia e Tempo de Servi\u00e7o &#8211; FGTS dos per\u00edodos de mar\u00e7o, abril e maio de 2020, a todos os empregadores, inclusive o dom\u00e9stico, independentemente de ades\u00e3o pr\u00e9via, em raz\u00e3o da pandemia do COVID.19.<\/p>\n\n\n\n<p>A Caixa Econ\u00f4mica Federal, por interm\u00e9dio da Circular 897\/2020, regulamentou a MP 927\/220 e determinou que, para o uso da prerrogativa de suspens\u00e3o do recolhimento do FGTS, o empregador permanece com o dever de declarar as informa\u00e7\u00f5es at\u00e9 o dia 07 de cada m\u00eas, atrav\u00e9s do Conectividade Social e eSocial, conforme o caso. O empregador que n\u00e3o prestar a declara\u00e7\u00e3o de informa\u00e7\u00e3o ao FGTS at\u00e9 o dia 07 de cada m\u00eas, ainda poder\u00e1 realiz\u00e1-la impreterivelmente at\u00e9 a data limite de 20 de junho 2020, a fim de evitar a imposi\u00e7\u00e3o de multa, encargos e demais puni\u00e7\u00f5es previstas no art. 22 da Lei n\u00ba 8.036\/1990.<\/p>\n\n\n\n<p>O parcelamento do recolhimento do FGTS, cujas informa\u00e7\u00f5es foram declaradas pelo empregador e empregador dom\u00e9stico referentes \u00e0s compet\u00eancias de mar\u00e7o, abril e maio de 2020, prev\u00ea 6 (seis) parcelas fixas com vencimento no dia 07 (sete) de cada m\u00eas, com in\u00edcio em julho de 2020 e fim em dezembro de 2020.<\/p>\n\n\n\n<p>Na hip\u00f3tese de rescis\u00e3o do contrato de trabalho, passa o empregador a estar obrigado ao recolhimento dos valores decorrentes da suspens\u00e3o e parcelamento do FGTS de forma antecipada e regularmente, nos termos do art. 18 da Lei n\u00ba 8.036\/1990.<\/p>\n\n\n\n<p>Estamos \u00e0 disposi\u00e7\u00e3o para prestar quaisquer esclarecimentos ou aux\u00edlio que se fizerem necess\u00e1rios.<\/p>","protected":false},"excerpt":{"rendered":"<p>Como \u00e9 de conhecimento geral, o Governo Federal publicou a Medida Provis\u00f3ria 927\/2020, por meio da qual concedeu a suspens\u00e3o do pagamento do Fundo de Garantia e Tempo de Servi\u00e7o &#8211; FGTS dos per\u00edodos de mar\u00e7o, abril e maio de 2020, a todos os empregadores, inclusive o dom\u00e9stico, independentemente de ades\u00e3o pr\u00e9via, em raz\u00e3o da [&hellip;]<\/p>","protected":false},"author":2,"featured_media":0,"comment_status":"open","ping_status":"open","sticky":false,"template":"","format":"standard","meta":{"footnotes":"","_links_to":"","_links_to_target":""},"categories":[5],"tags":[],"class_list":["post-1395","post","type-post","status-publish","format-standard","hentry","category-boletim-tributario"],"_links":{"self":[{"href":"https:\/\/plkc.com.br\/en\/wp-json\/wp\/v2\/posts\/1395","targetHints":{"allow":["GET"]}}],"collection":[{"href":"https:\/\/plkc.com.br\/en\/wp-json\/wp\/v2\/posts"}],"about":[{"href":"https:\/\/plkc.com.br\/en\/wp-json\/wp\/v2\/types\/post"}],"author":[{"embeddable":true,"href":"https:\/\/plkc.com.br\/en\/wp-json\/wp\/v2\/users\/2"}],"replies":[{"embeddable":true,"href":"https:\/\/plkc.com.br\/en\/wp-json\/wp\/v2\/comments?post=1395"}],"version-history":[{"count":0,"href":"https:\/\/plkc.com.br\/en\/wp-json\/wp\/v2\/posts\/1395\/revisions"}],"wp:attachment":[{"href":"https:\/\/plkc.com.br\/en\/wp-json\/wp\/v2\/media?parent=1395"}],"wp:term":[{"taxonomy":"category","embeddable":true,"href":"https:\/\/plkc.com.br\/en\/wp-json\/wp\/v2\/categories?post=1395"},{"taxonomy":"post_tag","embeddable":true,"href":"https:\/\/plkc.com.br\/en\/wp-json\/wp\/v2\/tags?post=1395"}],"curies":[{"name":"wp","href":"https:\/\/api.w.org\/{rel}","templated":true}]}}