{"id":2198,"date":"2021-08-27T12:26:31","date_gmt":"2021-08-27T15:26:31","guid":{"rendered":"https:\/\/plkc.com.br\/?p=2198"},"modified":"2021-08-27T12:29:07","modified_gmt":"2021-08-27T15:29:07","slug":"receita-federal-exclusao-do-icms-do-pis-cofins-e-reducao-de-credito","status":"publish","type":"post","link":"https:\/\/plkc.com.br\/en\/receita-federal-exclusao-do-icms-do-pis-cofins-e-reducao-de-credito\/","title":{"rendered":"Receita Federal: Exclus\u00e3o do ICMS do PIS\/COFINS e Redu\u00e7\u00e3o de Cr\u00e9dito"},"content":{"rendered":"<p>Recentemente, foi editado o Parecer COSIT 10 em processo espec\u00edfico de consulta \u00e0 Procuradoria Geral da Fazenda Nacional &#8211; PGFN, que trata da posi\u00e7\u00e3o da <a href=\"https:\/\/www.gov.br\/receitafederal\/pt-br\" target=\"_blank\" data-type=\"URL\" data-id=\"https:\/\/www.gov.br\/receitafederal\/pt-br\" rel=\"noreferrer noopener\">Receita Federal do Brasil <\/a>\u2013 RFB sobre a decis\u00e3o do Supremo Tribunal Federal \u2013 STF acerca da inconstitucionalidade do ICMS nas bases de c\u00e1lculo do <a href=\"https:\/\/plkc.com.br\/en\/exclusao-do-icms-pis-cofins-esclarecimento-modulacao\/\" data-type=\"URL\" data-id=\"https:\/\/plkc.com.br\/exclusao-do-icms-pis-cofins-esclarecimento-modulacao\/\">PIS e da COFINS<\/a>, formalizada nos autos do RE 574.706.<\/p>\n\n\n\n<p>Segundo o referido Parecer:<\/p>\n\n\n\n<p>a) na apura\u00e7\u00e3o do PIS e da COFINS&nbsp;incidentes sobre a venda, o valor do ICMS destacado na nota fiscal deve ser exclu\u00eddo das bases de c\u00e1lculo; e<\/p>\n\n\n\n<p>b)&nbsp;na apura\u00e7\u00e3o dos cr\u00e9ditos&nbsp;do PIS e da COFINS&nbsp;a descontar, o valor do ICMS destacado na nota fiscal deve ser exclu\u00eddo das bases de c\u00e1lculo.<\/p>\n\n\n\n<p>Em rela\u00e7\u00e3o \u00e0 <a href=\"https:\/\/plkc.com.br\/en\/exclusao-do-icms-das-bases-de-calculo-do-pis-e-da-cofins\/\" data-type=\"URL\" data-id=\"https:\/\/plkc.com.br\/exclusao-do-icms-das-bases-de-calculo-do-pis-e-da-cofins\/\">exclus\u00e3o do ICMS<\/a> das bases de c\u00e1lculo do PIS e da COFINS incidentes sobre as vendas (item (a) acima), a RFB apenas repete a conclus\u00e3o do STF. N\u00e3o houve expressa orienta\u00e7\u00e3o quanto \u00e0 vig\u00eancia e aplica\u00e7\u00e3o da Lei n\u00ba 12.973\/2014, que n\u00e3o foi alvo da decis\u00e3o contida no RE 574.706.<\/p>\n\n\n\n<p>Por outro lado, a RFB aproveita a decis\u00e3o do STF para inovar e determinar a exclus\u00e3o do ICMS destacado na nota de compra, para&nbsp;apura\u00e7\u00e3o do cr\u00e9dito&nbsp;dos contribuintes sujeitos ao regime da n\u00e3o-cumulatividade do PIS e da COFINS (item (b) acima).<\/p>\n\n\n\n<p>A posi\u00e7\u00e3o da RFB renova a inseguran\u00e7a na aplica\u00e7\u00e3o do RE 574.706 quanto \u00e0 exclus\u00e3o do ICMS na sa\u00edda,&nbsp;e age ilegalmente com manifesta\u00e7\u00e3o de interpreta\u00e7\u00e3o sem previs\u00e3o legal para reduzir o cr\u00e9dito dos contribuintes. A interpreta\u00e7\u00e3o foi submetida \u00e0 resposta da PGFN e ainda n\u00e3o possui alcance geral, mas demonstra a inten\u00e7\u00e3o do referido \u00f3rg\u00e3o.<\/p>\n\n\n\n<p>Entendemos que eventual posi\u00e7\u00e3o da RFB ou da PGFN tendente \u00e0 redu\u00e7\u00e3o de cr\u00e9dito de PIS e de COFINS dos contribuintes \u00e9 pass\u00edvel de questionamento.<\/p>\n\n\n\n<p>Estamos \u00e0 disposi\u00e7\u00e3o para tecer quaisquer esclarecimentos necess\u00e1rios.<\/p>","protected":false},"excerpt":{"rendered":"<p>Recentemente, foi editado o Parecer COSIT 10 em processo espec\u00edfico de consulta \u00e0 Procuradoria Geral da Fazenda Nacional &#8211; PGFN, que trata da posi\u00e7\u00e3o da Receita Federal do Brasil \u2013 RFB sobre a decis\u00e3o do Supremo Tribunal Federal \u2013 STF acerca da inconstitucionalidade do ICMS nas bases de c\u00e1lculo do PIS e da COFINS, formalizada [&hellip;]<\/p>","protected":false},"author":2,"featured_media":2199,"comment_status":"open","ping_status":"open","sticky":false,"template":"","format":"standard","meta":{"footnotes":"","_links_to":"","_links_to_target":""},"categories":[5],"tags":[34,40,43,44],"class_list":["post-2198","post","type-post","status-publish","format-standard","has-post-thumbnail","hentry","category-boletim-tributario","tag-stf","tag-imposto-de-renda","tag-pis-cofins","tag-icms"],"_links":{"self":[{"href":"https:\/\/plkc.com.br\/en\/wp-json\/wp\/v2\/posts\/2198","targetHints":{"allow":["GET"]}}],"collection":[{"href":"https:\/\/plkc.com.br\/en\/wp-json\/wp\/v2\/posts"}],"about":[{"href":"https:\/\/plkc.com.br\/en\/wp-json\/wp\/v2\/types\/post"}],"author":[{"embeddable":true,"href":"https:\/\/plkc.com.br\/en\/wp-json\/wp\/v2\/users\/2"}],"replies":[{"embeddable":true,"href":"https:\/\/plkc.com.br\/en\/wp-json\/wp\/v2\/comments?post=2198"}],"version-history":[{"count":0,"href":"https:\/\/plkc.com.br\/en\/wp-json\/wp\/v2\/posts\/2198\/revisions"}],"wp:featuredmedia":[{"embeddable":true,"href":"https:\/\/plkc.com.br\/en\/wp-json\/wp\/v2\/media\/2199"}],"wp:attachment":[{"href":"https:\/\/plkc.com.br\/en\/wp-json\/wp\/v2\/media?parent=2198"}],"wp:term":[{"taxonomy":"category","embeddable":true,"href":"https:\/\/plkc.com.br\/en\/wp-json\/wp\/v2\/categories?post=2198"},{"taxonomy":"post_tag","embeddable":true,"href":"https:\/\/plkc.com.br\/en\/wp-json\/wp\/v2\/tags?post=2198"}],"curies":[{"name":"wp","href":"https:\/\/api.w.org\/{rel}","templated":true}]}}