{"id":2464,"date":"2021-10-25T13:19:57","date_gmt":"2021-10-25T16:19:57","guid":{"rendered":"https:\/\/plkc.com.br\/?p=2464"},"modified":"2021-10-28T18:18:58","modified_gmt":"2021-10-28T21:18:58","slug":"proximidade-encerramento-ppi-2021-cidade-sao-paulo","status":"publish","type":"post","link":"https:\/\/plkc.com.br\/en\/proximidade-encerramento-ppi-2021-cidade-sao-paulo\/","title":{"rendered":"Proximidade de Encerramento &#8211; PPI\/2021 &#8211; Munic\u00edpio de S\u00e3o Paulo"},"content":{"rendered":"<p>O prazo para ades\u00e3o ao Programa de Parcelamento Incentivado de 2021, institu\u00eddo pela Lei n\u00ba 17.557\/2021, se encerar\u00e1 no pr\u00f3ximo&nbsp;<strong>dia 29\/10\/2021<\/strong>.<\/p>\n\n\n\n<p>Lembramos que o <a href=\"https:\/\/plkc.com.br\/en\/prazo-definido-ppi-2021-municipio-de-sao-paulo\/\" data-type=\"URL\" data-id=\"https:\/\/plkc.com.br\/prazo-definido-ppi-2021-municipio-de-sao-paulo\/\">PPI<\/a> se destina \u00e0 promo\u00e7\u00e3o da regulariza\u00e7\u00e3o de valores devidos ao <a href=\"https:\/\/www.capital.sp.gov.br\/\" target=\"_blank\" data-type=\"URL\" data-id=\"https:\/\/www.capital.sp.gov.br\/\" rel=\"noreferrer noopener\">Munic\u00edpio de S\u00e3o Paulo<\/a>, decorrentes de cr\u00e9dito tribut\u00e1rio e n\u00e3o tribut\u00e1rio, constitu\u00eddo ou n\u00e3o, inclusive os inscritos em D\u00edvida Ativa, ajuizados ou a ajuizar, referentes a fatos geradores ocorridos at\u00e9 31\/12\/2020, com a concess\u00e3o das seguintes redu\u00e7\u00f5es:<\/p>\n\n\n\n<div style=\"height:30px\" aria-hidden=\"true\" class=\"wp-block-spacer\"><\/div>\n\n\n\n<figure class=\"wp-block-table is-style-stripes\"><table class=\"has-fixed-layout\"><tbody><tr><td class=\"has-text-align-center\" data-align=\"center\"><strong>Valor Devido<\/strong><\/td><td class=\"has-text-align-center\" data-align=\"center\"><strong>Descontos<\/strong><\/td><\/tr><\/tbody><\/table><\/figure>\n\n\n\n<figure class=\"wp-block-table is-style-stripes\"><table><tbody><tr><td><strong>Natureza<\/strong><\/td><td><strong>Pagamento<\/strong><\/td><td><strong>Multa<\/strong><\/td><td><strong>Juros<\/strong><\/td><\/tr><tr><td><strong>Tribut\u00e1ria<\/strong><\/td><td>\u00c0 vista<\/td><td>75%<\/td><td>85%<\/td><\/tr><tr><td><\/td><td>Parcelamento em at\u00e9 120 meses<\/td><td>50%<\/td><td>60%<\/td><\/tr><tr><td><strong>N\u00e3o-tribut\u00e1ria<\/strong><\/td><td>\u00c0 vista <\/td><td>&#8211;<\/td><td>85%<\/td><\/tr><tr><td><\/td><td>Parcelamento em at\u00e9 120 meses <\/td><td>&#8211;<\/td><td>60%<\/td><\/tr><\/tbody><\/table><\/figure>\n\n\n\n<p>Estamos \u00e0 disposi\u00e7\u00e3o para aux\u00edlio em eventual d\u00favida quanto ao referido parcelamento.<\/p>","protected":false},"excerpt":{"rendered":"<p>O prazo para ades\u00e3o ao Programa de Parcelamento Incentivado de 2021, institu\u00eddo pela Lei n\u00ba 17.557\/2021, se encerar\u00e1 no pr\u00f3ximo&nbsp;dia 29\/10\/2021. Lembramos que o PPI se destina \u00e0 promo\u00e7\u00e3o da regulariza\u00e7\u00e3o de valores devidos ao Munic\u00edpio de S\u00e3o Paulo, decorrentes de cr\u00e9dito tribut\u00e1rio e n\u00e3o tribut\u00e1rio, constitu\u00eddo ou n\u00e3o, inclusive os inscritos em D\u00edvida Ativa, [&hellip;]<\/p>","protected":false},"author":2,"featured_media":2465,"comment_status":"open","ping_status":"open","sticky":false,"template":"","format":"standard","meta":{"footnotes":"","_links_to":"","_links_to_target":""},"categories":[5],"tags":[72,73,74,75,76,70,71],"class_list":["post-2464","post","type-post","status-publish","format-standard","has-post-thumbnail","hentry","category-boletim-tributario","tag-sao-paulo","tag-regularizacao","tag-debitos","tag-cidade-de-sao-paulo","tag-divida-ativa","tag-programa-de-parcelamento-incentivado","tag-ppi-2021"],"_links":{"self":[{"href":"https:\/\/plkc.com.br\/en\/wp-json\/wp\/v2\/posts\/2464","targetHints":{"allow":["GET"]}}],"collection":[{"href":"https:\/\/plkc.com.br\/en\/wp-json\/wp\/v2\/posts"}],"about":[{"href":"https:\/\/plkc.com.br\/en\/wp-json\/wp\/v2\/types\/post"}],"author":[{"embeddable":true,"href":"https:\/\/plkc.com.br\/en\/wp-json\/wp\/v2\/users\/2"}],"replies":[{"embeddable":true,"href":"https:\/\/plkc.com.br\/en\/wp-json\/wp\/v2\/comments?post=2464"}],"version-history":[{"count":0,"href":"https:\/\/plkc.com.br\/en\/wp-json\/wp\/v2\/posts\/2464\/revisions"}],"wp:featuredmedia":[{"embeddable":true,"href":"https:\/\/plkc.com.br\/en\/wp-json\/wp\/v2\/media\/2465"}],"wp:attachment":[{"href":"https:\/\/plkc.com.br\/en\/wp-json\/wp\/v2\/media?parent=2464"}],"wp:term":[{"taxonomy":"category","embeddable":true,"href":"https:\/\/plkc.com.br\/en\/wp-json\/wp\/v2\/categories?post=2464"},{"taxonomy":"post_tag","embeddable":true,"href":"https:\/\/plkc.com.br\/en\/wp-json\/wp\/v2\/tags?post=2464"}],"curies":[{"name":"wp","href":"https:\/\/api.w.org\/{rel}","templated":true}]}}