{"id":2489,"date":"2021-10-28T18:09:37","date_gmt":"2021-10-28T21:09:37","guid":{"rendered":"https:\/\/plkc.com.br\/?p=2489"},"modified":"2021-10-28T18:09:40","modified_gmt":"2021-10-28T21:09:40","slug":"lei-prorroga-prazo-de-fruicao-dos-beneficios-fiscais-de-icms","status":"publish","type":"post","link":"https:\/\/plkc.com.br\/en\/lei-prorroga-prazo-de-fruicao-dos-beneficios-fiscais-de-icms\/","title":{"rendered":"Publicada a Lei que Prorroga o Prazo de Frui\u00e7\u00e3o dos Benef\u00edcios Fiscais de ICMS"},"content":{"rendered":"<p>Foi publicado no <a href=\"https:\/\/www.in.gov.br\/servicos\/diario-oficial-da-uniao\" target=\"_blank\" data-type=\"URL\" data-id=\"https:\/\/www.in.gov.br\/servicos\/diario-oficial-da-uniao\" rel=\"noreferrer noopener\">Di\u00e1rio Oficial<\/a> de hoje a <a href=\"https:\/\/plkc.com.br\/en\/lei-complementar-no-160-17-guerra-fiscal-validacao-dos-beneficios-fiscais-de-icms\/\" data-type=\"URL\" data-id=\"https:\/\/plkc.com.br\/lei-complementar-no-160-17-guerra-fiscal-validacao-dos-beneficios-fiscais-de-icms\/\">Lei Complementar n\u00ba 186<\/a>, que altera a Lei Complementar n\u00ba 160\/17, para prorrogar,\u00a0at\u00e9 2032, o prazo de frui\u00e7\u00e3o dos benef\u00edcios fiscais do Imposto sobre Opera\u00e7\u00f5es Relativas \u00e0 Circula\u00e7\u00e3o de Mercadorias e sobre Presta\u00e7\u00f5es de Servi\u00e7os de Transporte Interestadual e Intermunicipal e de Comunica\u00e7\u00e3o \u2013 ICMS, tais como cr\u00e9dito presumido, isen\u00e7\u00e3o, redu\u00e7\u00e3o de base de c\u00e1lculo, que foram convalidados, no \u00e2mbito da guerra fiscal, pela referida Lei Complementar n\u00ba 160\/17 e pelo Conv\u00eanio CONFAZ n\u00ba 190\/17, destinados:<\/p>\n\n\n\n<ul class=\"wp-block-list\"><li>ao incremento de atividades comerciais;<\/li><li>a produtos agropecu\u00e1rios e extrativos vegetais&nbsp;<em>in natura<\/em>; e<\/li><li>\u00e0 manuten\u00e7\u00e3o e incremento da atividade portu\u00e1ria e aeroportu\u00e1ria, vinculadas ao com\u00e9rcio internacional, inclu\u00edda a opera\u00e7\u00e3o subsequente \u00e0 da importa\u00e7\u00e3o, praticada pelo contribuinte importador.<\/li><\/ul>\n\n\n\n<p>A nova lei prev\u00ea que, a partir de 2029, os benef\u00edcios ser\u00e3o reduzidos gradativamente, em 20% ao ano, \u00e0 exce\u00e7\u00e3o do setor de vendas de produtos agropecu\u00e1rios e extrativos vegetais&nbsp;<em>in natura<\/em>&nbsp;que fica fora dessa redu\u00e7\u00e3o.<\/p>\n\n\n\n<p>Os nossos profissionais est\u00e3o \u00e0 sua disposi\u00e7\u00e3o para vos auxiliar no que seja necess\u00e1rio acerca desse tema.<\/p>","protected":false},"excerpt":{"rendered":"<p>Foi publicado no Di\u00e1rio Oficial de hoje a Lei Complementar n\u00ba 186, que altera a Lei Complementar n\u00ba 160\/17, para prorrogar,\u00a0at\u00e9 2032, o prazo de frui\u00e7\u00e3o dos benef\u00edcios fiscais do Imposto sobre Opera\u00e7\u00f5es Relativas \u00e0 Circula\u00e7\u00e3o de Mercadorias e sobre Presta\u00e7\u00f5es de Servi\u00e7os de Transporte Interestadual e Intermunicipal e de Comunica\u00e7\u00e3o \u2013 ICMS, tais como [&hellip;]<\/p>","protected":false},"author":2,"featured_media":2490,"comment_status":"open","ping_status":"open","sticky":false,"template":"","format":"standard","meta":{"footnotes":"","_links_to":"","_links_to_target":""},"categories":[5],"tags":[35,40,44,58,77],"class_list":["post-2489","post","type-post","status-publish","format-standard","has-post-thumbnail","hentry","category-boletim-tributario","tag-bens-no-exterior","tag-imposto-de-renda","tag-icms","tag-beneficios-fiscais","tag-confaz"],"_links":{"self":[{"href":"https:\/\/plkc.com.br\/en\/wp-json\/wp\/v2\/posts\/2489","targetHints":{"allow":["GET"]}}],"collection":[{"href":"https:\/\/plkc.com.br\/en\/wp-json\/wp\/v2\/posts"}],"about":[{"href":"https:\/\/plkc.com.br\/en\/wp-json\/wp\/v2\/types\/post"}],"author":[{"embeddable":true,"href":"https:\/\/plkc.com.br\/en\/wp-json\/wp\/v2\/users\/2"}],"replies":[{"embeddable":true,"href":"https:\/\/plkc.com.br\/en\/wp-json\/wp\/v2\/comments?post=2489"}],"version-history":[{"count":0,"href":"https:\/\/plkc.com.br\/en\/wp-json\/wp\/v2\/posts\/2489\/revisions"}],"wp:featuredmedia":[{"embeddable":true,"href":"https:\/\/plkc.com.br\/en\/wp-json\/wp\/v2\/media\/2490"}],"wp:attachment":[{"href":"https:\/\/plkc.com.br\/en\/wp-json\/wp\/v2\/media?parent=2489"}],"wp:term":[{"taxonomy":"category","embeddable":true,"href":"https:\/\/plkc.com.br\/en\/wp-json\/wp\/v2\/categories?post=2489"},{"taxonomy":"post_tag","embeddable":true,"href":"https:\/\/plkc.com.br\/en\/wp-json\/wp\/v2\/tags?post=2489"}],"curies":[{"name":"wp","href":"https:\/\/api.w.org\/{rel}","templated":true}]}}