{"id":2492,"date":"2021-10-28T18:25:52","date_gmt":"2021-10-28T21:25:52","guid":{"rendered":"https:\/\/plkc.com.br\/?p=2492"},"modified":"2021-10-28T18:25:55","modified_gmt":"2021-10-28T21:25:55","slug":"ppi-2021-municipio-de-sao-paulo-prorrogacao-do-prazo","status":"publish","type":"post","link":"https:\/\/plkc.com.br\/en\/ppi-2021-municipio-de-sao-paulo-prorrogacao-do-prazo\/","title":{"rendered":"PPI 2021 \u2013 Munic\u00edpio de S\u00e3o Paulo \u2013 Prorroga\u00e7\u00e3o do prazo: 31\/12\/2021"},"content":{"rendered":"<p>O Decreto Municipal n\u00b0 60.883\/2021 prorrogou at\u00e9&nbsp;<strong>31 de dezembro 2021<\/strong>&nbsp;o termo final para formaliza\u00e7\u00e3o de ingresso no Programa de Parcelamento Incentivado &#8211; PPI, institu\u00eddo pela Lei n\u00b0 17.557\/2021.<\/p>\n\n\n\n<p>Lembramos que o <a href=\"https:\/\/plkc.com.br\/en\/prazo-definido-ppi-2021-municipio-de-sao-paulo\/\" data-type=\"URL\" data-id=\"https:\/\/plkc.com.br\/prazo-definido-ppi-2021-municipio-de-sao-paulo\/\">PPI<\/a> se destina \u00e0 promo\u00e7\u00e3o da regulariza\u00e7\u00e3o de valores devidos ao <a href=\"https:\/\/www.capital.sp.gov.br\/\" target=\"_blank\" data-type=\"URL\" data-id=\"https:\/\/www.capital.sp.gov.br\/\" rel=\"noreferrer noopener\">Munic\u00edpio de S\u00e3o Paulo<\/a>, decorrentes de cr\u00e9dito tribut\u00e1rio e n\u00e3o tribut\u00e1rio, constitu\u00eddo ou n\u00e3o, inclusive os inscritos em D\u00edvida Ativa, ajuizados ou a ajuizar, referentes a fatos geradores ocorridos at\u00e9 31\/12\/2020, com a concess\u00e3o das seguintes redu\u00e7\u00f5es:<\/p>\n\n\n\n<figure class=\"wp-block-table aligncenter\"><table><tbody><tr><td><strong>&nbsp;<\/strong>Valor Devido<\/td><td>Desconto<\/td><\/tr><tr><td>Natureza<\/td><td>Pagamento<\/td><td>Multa<\/td><td>Juros<\/td><\/tr><tr><td>Tribut\u00e1ria<\/td><td>\u00c0 vista<\/td><td>75%<\/td><td>85%<\/td><\/tr><tr><td>&nbsp;<\/td><td>Parcelada em at\u00e9 120 meses<\/td><td>50%<\/td><td>60%<\/td><\/tr><tr><td>N\u00e3o tribut\u00e1ria<\/td><td>\u00c0 vista<\/td><td>&#8211;<\/td><td>85%<\/td><\/tr><tr><td>&nbsp;<\/td><td>Parcelada em at\u00e9 120 meses<\/td><td>&#8211;<\/td><td>60%<\/td><\/tr><\/tbody><\/table><\/figure>\n\n\n\n<p>Estamos \u00e0 disposi\u00e7\u00e3o para aux\u00edlio em eventual d\u00favida quanto ao referido parcelamento.<\/p>","protected":false},"excerpt":{"rendered":"<p>O Decreto Municipal n\u00b0 60.883\/2021 prorrogou at\u00e9&nbsp;31 de dezembro 2021&nbsp;o termo final para formaliza\u00e7\u00e3o de ingresso no Programa de Parcelamento Incentivado &#8211; PPI, institu\u00eddo pela Lei n\u00b0 17.557\/2021. Lembramos que o PPI se destina \u00e0 promo\u00e7\u00e3o da regulariza\u00e7\u00e3o de valores devidos ao Munic\u00edpio de S\u00e3o Paulo, decorrentes de cr\u00e9dito tribut\u00e1rio e n\u00e3o tribut\u00e1rio, constitu\u00eddo ou [&hellip;]<\/p>","protected":false},"author":2,"featured_media":2497,"comment_status":"open","ping_status":"open","sticky":false,"template":"","format":"standard","meta":{"footnotes":"","_links_to":"","_links_to_target":""},"categories":[5],"tags":[34,40,44,45,70],"class_list":["post-2492","post","type-post","status-publish","format-standard","has-post-thumbnail","hentry","category-boletim-tributario","tag-stf","tag-imposto-de-renda","tag-icms","tag-ppi","tag-programa-de-parcelamento-incentivado"],"_links":{"self":[{"href":"https:\/\/plkc.com.br\/en\/wp-json\/wp\/v2\/posts\/2492","targetHints":{"allow":["GET"]}}],"collection":[{"href":"https:\/\/plkc.com.br\/en\/wp-json\/wp\/v2\/posts"}],"about":[{"href":"https:\/\/plkc.com.br\/en\/wp-json\/wp\/v2\/types\/post"}],"author":[{"embeddable":true,"href":"https:\/\/plkc.com.br\/en\/wp-json\/wp\/v2\/users\/2"}],"replies":[{"embeddable":true,"href":"https:\/\/plkc.com.br\/en\/wp-json\/wp\/v2\/comments?post=2492"}],"version-history":[{"count":0,"href":"https:\/\/plkc.com.br\/en\/wp-json\/wp\/v2\/posts\/2492\/revisions"}],"wp:featuredmedia":[{"embeddable":true,"href":"https:\/\/plkc.com.br\/en\/wp-json\/wp\/v2\/media\/2497"}],"wp:attachment":[{"href":"https:\/\/plkc.com.br\/en\/wp-json\/wp\/v2\/media?parent=2492"}],"wp:term":[{"taxonomy":"category","embeddable":true,"href":"https:\/\/plkc.com.br\/en\/wp-json\/wp\/v2\/categories?post=2492"},{"taxonomy":"post_tag","embeddable":true,"href":"https:\/\/plkc.com.br\/en\/wp-json\/wp\/v2\/tags?post=2492"}],"curies":[{"name":"wp","href":"https:\/\/api.w.org\/{rel}","templated":true}]}}