{"id":454,"date":"2019-06-27T12:11:26","date_gmt":"2019-06-27T15:11:26","guid":{"rendered":"http:\/\/plkc.ga\/?p=454"},"modified":"2020-10-27T13:24:59","modified_gmt":"2020-10-27T16:24:59","slug":"programa-especial-quitacao-precatorios","status":"publish","type":"post","link":"https:\/\/plkc.com.br\/en\/programa-especial-quitacao-precatorios\/","title":{"rendered":"Programa especial de quita\u00e7\u00e3o de precat\u00f3rios"},"content":{"rendered":"<h2 class=\"wp-block-heading\">Regulamenta\u00e7\u00e3o \/ Munic\u00edpio de S\u00e3o Paulo<\/h2>\n\n\n\n<div style=\"height:50px\" aria-hidden=\"true\" class=\"wp-block-spacer\"><\/div>\n\n\n\n<p>O Decreto n\u00ba 58.767, de 23 de maio de 2019, disciplinou os procedimentos e regras que dever\u00e3o ser observados para a compensa\u00e7\u00e3o de d\u00e9bitos administrados pela Prefeitura do Munic\u00edpio de S\u00e3o Paulo, com cr\u00e9dito de precat\u00f3rios pendentes de pagamento, cujo exerc\u00edcio financeiro j\u00e1 tenha se encerrado.<\/p>\n\n\n\n<p>A formaliza\u00e7\u00e3o do pedido de compensa\u00e7\u00e3o dever\u00e1 ser feita mediante requerimento eletr\u00f4nico a ser protocolado exclusivamente no \u201csite\u201d da Prefeitura do Munic\u00edpio de S\u00e3o Paulo, at\u00e9 o dia 31\/07\/2019.<\/p>\n\n\n\n<p>Essa modalidade de quita\u00e7\u00e3o, no entanto, s\u00f3 atinge at\u00e9 92% do valor atualizado da d\u00edvida. O saldo devedor dever\u00e1 ser pago, em esp\u00e9cie, em at\u00e9 15 dias corridos da data do protocolo do requerimento de compensa\u00e7\u00e3o, sob pena de indeferimento.<\/p>\n\n\n\n<p>Al\u00e9m disso, caso o valor do precat\u00f3rio n\u00e3o seja suficiente para a quita\u00e7\u00e3o da d\u00edvida nos limites acima indicados, o interessado dever\u00e1, tamb\u00e9m no prazo de 15 dias, realizar o pagamento do saldo remanescente que, nesse caso, poder\u00e1 ser parcelado em at\u00e9 5 vezes mensais e iguais, com acr\u00e9scimo de juros.<\/p>\n\n\n\n<p>No mais, o deferimento do pedido de compensa\u00e7\u00e3o est\u00e1 condicionado, entre outros, \u00e0 comprova\u00e7\u00e3o de desist\u00eancia e\/ou ren\u00fancia de quaisquer defesas, administrativas ou judiciais, voltadas (i) \u00e0 invalida\u00e7\u00e3o ou altera\u00e7\u00e3o do valor do precat\u00f3rio e (ii) ao questionamento do d\u00e9bito a ser compensado. Tamb\u00e9m dever\u00e1 ser comprovado o pagamento de todos os encargos judiciais relacionados a estes processos.<\/p>\n\n\n\n<p>Por fim, vale o alerta que a apresenta\u00e7\u00e3o do requerimento de compensa\u00e7\u00e3o n\u00e3o suspende a exigibilidade do d\u00e9bito a ser compensado, nem garante a emiss\u00e3o de CND. Ainda, assim, ser\u00e3o obstados atos ordin\u00e1rios de cobran\u00e7a, sendo permitido, no entanto, o ajuizamento de execu\u00e7\u00e3o fiscal e demais medidas necess\u00e1rias para afastar a ocorr\u00eancia da prescri\u00e7\u00e3o da d\u00edvida, se for o caso.<\/p>\n\n\n\n<div style=\"height:50px\" aria-hidden=\"true\" class=\"wp-block-spacer\"><\/div>\n\n\n\n<p class=\"has-small-font-size\">A presente not\u00edcia cont\u00e9m coment\u00e1rios gerais sobre assuntos jur\u00eddicos de interesse dos leitores, n\u00e3o caracterizando, em nenhum momento, qualquer opini\u00e3o legal de nosso escrit\u00f3rio. De fato, em casos espec\u00edficos, os leitores dever\u00e3o obter a assessoria jur\u00eddica adequada antes da ado\u00e7\u00e3o de qualquer provid\u00eancia concreta relativamente aos assuntos abordados.<\/p>","protected":false},"excerpt":{"rendered":"<p>Regulamenta\u00e7\u00e3o \/ Munic\u00edpio de S\u00e3o Paulo O Decreto n\u00ba 58.767, de 23 de maio de 2019, disciplinou os procedimentos e regras que dever\u00e3o ser observados para a compensa\u00e7\u00e3o de d\u00e9bitos administrados pela Prefeitura do Munic\u00edpio de S\u00e3o Paulo, com cr\u00e9dito de precat\u00f3rios pendentes de pagamento, cujo exerc\u00edcio financeiro j\u00e1 tenha se encerrado. A formaliza\u00e7\u00e3o do [&hellip;]<\/p>","protected":false},"author":2,"featured_media":0,"comment_status":"open","ping_status":"open","sticky":false,"template":"","format":"standard","meta":{"footnotes":"","_links_to":"","_links_to_target":""},"categories":[5],"tags":[],"class_list":["post-454","post","type-post","status-publish","format-standard","hentry","category-boletim-tributario"],"_links":{"self":[{"href":"https:\/\/plkc.com.br\/en\/wp-json\/wp\/v2\/posts\/454","targetHints":{"allow":["GET"]}}],"collection":[{"href":"https:\/\/plkc.com.br\/en\/wp-json\/wp\/v2\/posts"}],"about":[{"href":"https:\/\/plkc.com.br\/en\/wp-json\/wp\/v2\/types\/post"}],"author":[{"embeddable":true,"href":"https:\/\/plkc.com.br\/en\/wp-json\/wp\/v2\/users\/2"}],"replies":[{"embeddable":true,"href":"https:\/\/plkc.com.br\/en\/wp-json\/wp\/v2\/comments?post=454"}],"version-history":[{"count":0,"href":"https:\/\/plkc.com.br\/en\/wp-json\/wp\/v2\/posts\/454\/revisions"}],"wp:attachment":[{"href":"https:\/\/plkc.com.br\/en\/wp-json\/wp\/v2\/media?parent=454"}],"wp:term":[{"taxonomy":"category","embeddable":true,"href":"https:\/\/plkc.com.br\/en\/wp-json\/wp\/v2\/categories?post=454"},{"taxonomy":"post_tag","embeddable":true,"href":"https:\/\/plkc.com.br\/en\/wp-json\/wp\/v2\/tags?post=454"}],"curies":[{"name":"wp","href":"https:\/\/api.w.org\/{rel}","templated":true}]}}