{"id":780,"date":"2018-12-14T11:00:00","date_gmt":"2018-12-14T13:00:00","guid":{"rendered":"http:\/\/plkc.ga\/?p=780"},"modified":"2020-10-27T13:22:43","modified_gmt":"2020-10-27T16:22:43","slug":"a-comprovacao-da-origem-dos-valores-declarados-no-regime-especial-de-regularizacao-cambial-e-tributaria-rerct","status":"publish","type":"post","link":"https:\/\/plkc.com.br\/en\/a-comprovacao-da-origem-dos-valores-declarados-no-regime-especial-de-regularizacao-cambial-e-tributaria-rerct\/","title":{"rendered":"A Comprova\u00e7\u00e3o da Origem dos Valores Declarados no Regime Especial de Regulariza\u00e7\u00e3o Cambial e Tribut\u00e1ria &#8211; RERCT"},"content":{"rendered":"<p>Diante de algumas not\u00edcias veiculadas na m\u00eddia nos \u00faltimos dias, consideramos importante relembrar \u00e0queles que aderiram ao Regime Especial de Regulariza\u00e7\u00e3o Cambial e Tribut\u00e1ria &#8211; RERCT que as Leis 13.254\/06 e 13.428\/07 n\u00e3o impuseram aos contribuintes o \u00f4nus de comprovar a origem dos valores declarados.<\/p>\n\n\n\n<p>O programa baseou-se em mera declara\u00e7\u00e3o sobre a origem l\u00edcita dos recursos e atribuiu aos contribuintes o dever de guardar por cinco anos, para eventual apresenta\u00e7\u00e3o ao Fisco, apenas e t\u00e3o somente os documentos relativos aos valores e \u00e0 titularidade dos bens regularizados (art. 4\u00ba, \u00a7 6\u00ba, Lei 13.254\/06).<\/p>\n\n\n\n<p>Al\u00e9m disso, h\u00e1 previs\u00e3o expressa de que as informa\u00e7\u00f5es prestadas n\u00e3o podem ser fonte prim\u00e1ria de eventual investiga\u00e7\u00e3o (arts. 4\u00ba, \u00a7 12, e 9\u00ba, \u00a7 2\u00ba, Lei 13.254\/06). Ou seja, a ades\u00e3o, em si, n\u00e3o poder\u00e1 ser o gatilho para colocar o contribuinte sob suspeita da pr\u00e1tica de il\u00edcitos n\u00e3o abrangidos pela anistia; tampouco a inexist\u00eancia de documentos comprobat\u00f3rios da origem dos recursos ensejar\u00e1 a conclus\u00e3o pela ilicitude daquela.<\/p>\n\n\n\n<p>Por outro lado, as Leis do RERCT n\u00e3o impedem que o Estado utilize seu poder de pol\u00edcia e investigue, por todos os outros meios de que disp\u00f5e, se o programa de regulariza\u00e7\u00e3o foi utilizado por quem n\u00e3o poderia ter aderido ou como meio para introduzir no Pa\u00eds valores obtidos por meio de atividades criminosas. Mas qualquer acusa\u00e7\u00e3o do fisco deve ser baseada em prova obtida por ele.<\/p>\n\n\n\n<p>Em suma, acreditamos que os contribuintes que preencheram todas as condi\u00e7\u00f5es para, regularmente, aderir ao RERCT n\u00e3o devem ter por qu\u00ea se preocupar com investiga\u00e7\u00f5es relativas aos crimes n\u00e3o alcan\u00e7ados pela anistia.<\/p>\n\n\n\n<p>Estamos \u00e0 disposi\u00e7\u00e3o para maiores esclarecimentos.<\/p>\n\n\n\n<p class=\"has-small-font-size\">A presente not\u00edcia cont\u00e9m coment\u00e1rios gerais sobre assuntos jur\u00eddicos de interesse dos leitores, n\u00e3o caracterizando, em nenhum momento, qualquer opini\u00e3o legal de nosso escrit\u00f3rio. De fato, em casos espec\u00edficos, os leitores dever\u00e3o obter a assessoria jur\u00eddica adequada antes da ado\u00e7\u00e3o de qualquer provid\u00eancia concreta relativamente aos assuntos abordados.<\/p>","protected":false},"excerpt":{"rendered":"<p>Diante de algumas not\u00edcias veiculadas na m\u00eddia nos \u00faltimos dias, consideramos importante relembrar \u00e0queles que aderiram ao Regime Especial de Regulariza\u00e7\u00e3o Cambial e Tribut\u00e1ria &#8211; RERCT que as Leis 13.254\/06 e 13.428\/07 n\u00e3o impuseram aos contribuintes o \u00f4nus de comprovar a origem dos valores declarados. O programa baseou-se em mera declara\u00e7\u00e3o sobre a origem l\u00edcita [&hellip;]<\/p>","protected":false},"author":2,"featured_media":0,"comment_status":"open","ping_status":"open","sticky":false,"template":"","format":"standard","meta":{"footnotes":"","_links_to":"","_links_to_target":""},"categories":[5],"tags":[],"class_list":["post-780","post","type-post","status-publish","format-standard","hentry","category-boletim-tributario"],"_links":{"self":[{"href":"https:\/\/plkc.com.br\/en\/wp-json\/wp\/v2\/posts\/780","targetHints":{"allow":["GET"]}}],"collection":[{"href":"https:\/\/plkc.com.br\/en\/wp-json\/wp\/v2\/posts"}],"about":[{"href":"https:\/\/plkc.com.br\/en\/wp-json\/wp\/v2\/types\/post"}],"author":[{"embeddable":true,"href":"https:\/\/plkc.com.br\/en\/wp-json\/wp\/v2\/users\/2"}],"replies":[{"embeddable":true,"href":"https:\/\/plkc.com.br\/en\/wp-json\/wp\/v2\/comments?post=780"}],"version-history":[{"count":0,"href":"https:\/\/plkc.com.br\/en\/wp-json\/wp\/v2\/posts\/780\/revisions"}],"wp:attachment":[{"href":"https:\/\/plkc.com.br\/en\/wp-json\/wp\/v2\/media?parent=780"}],"wp:term":[{"taxonomy":"category","embeddable":true,"href":"https:\/\/plkc.com.br\/en\/wp-json\/wp\/v2\/categories?post=780"},{"taxonomy":"post_tag","embeddable":true,"href":"https:\/\/plkc.com.br\/en\/wp-json\/wp\/v2\/tags?post=780"}],"curies":[{"name":"wp","href":"https:\/\/api.w.org\/{rel}","templated":true}]}}